{"id":64,"__str__":"FPDRACPNA - Frente Parlamentar de Doen\u00e7as Raras, Autismo, C\u00e2ncer, Pessoas Neuro-at\u00edpicas e em Defesa e Promo\u00e7\u00e3o do Terceiro Setor","metadata":{},"nome":"Frente Parlamentar de Doen\u00e7as Raras, Autismo, C\u00e2ncer, Pessoas Neuro-at\u00edpicas e em Defesa e Promo\u00e7\u00e3o do Terceiro Setor","sigla":"FPDRACPNA","data_criacao":"2023-02-08","data_extincao":"2027-01-31","apelido_temp":"","data_instalacao_temp":"2019-06-19","data_final_prevista_temp":"2027-01-31","data_prorrogada_temp":null,"data_fim_comissao":"2027-01-31","secretario":"","telefone_reuniao":"","endereco_secretaria":"","telefone_secretaria":"","fax_secretaria":"","agenda_reuniao":"","local_reuniao":"","finalidade":"Proporcionar as condi\u00e7\u00f5es necess\u00e1rias para a realiza\u00e7\u00e3o de discuss\u00f5es que tratem desse grave problema que atinge milhares de paraibanos.","email":"","unidade_deliberativa":true,"ativa":false,"tipo":3}