{"id":103182,"__str__":"Of\u00edcio - APELO de 13/08/2025 por INACIO FALC\u00c3O","metadata":{},"nome":"APELO","data":"2025-08-13","autor":"INACIO FALC\u00c3O","ementa":"","indexacao":"","arquivo":"http://sapl.al.pb.leg.br/media/sapl/public/documentoacessorio/2025/103182/5440.pdf","data_ultima_atualizacao":"2026-03-03T07:28:43.440180-03:00","materia":132481,"tipo":8}