{"id":107024,"__str__":"Of\u00edcio - APELO de 15/09/2025 por INACIO FALC\u00c3O","metadata":{},"nome":"APELO","data":"2025-09-15","autor":"INACIO FALC\u00c3O","ementa":"","indexacao":"","arquivo":"http://sapl.al.pb.leg.br/media/sapl/public/documentoacessorio/2025/107024/6888.pdf","data_ultima_atualizacao":"2026-04-23T09:08:36.556336-03:00","materia":135720,"tipo":8}