{"id":96904,"__str__":"Of\u00edcio - APELO de 12/08/2025 por IN\u00c1CIO FALC\u00c3O","metadata":{},"nome":"APELO","data":"2025-08-12","autor":"IN\u00c1CIO FALC\u00c3O","ementa":"","indexacao":"","arquivo":"http://sapl.al.pb.leg.br/media/sapl/public/documentoacessorio/2025/96904/5190.pdf","data_ultima_atualizacao":"2025-10-14T11:05:41.073142-03:00","materia":133388,"tipo":8}