{"id":108230,"__str__":"Requerimento n\u00ba 6924 de 2023","metadata":{},"numero":6924,"ano":2023,"numero_protocolo":null,"data_apresentacao":"2023-09-26","tipo_apresentacao":"E","data_publicacao":null,"numero_origem_externa":"","ano_origem_externa":null,"data_origem_externa":null,"apelido":"","dias_prazo":null,"data_fim_prazo":null,"em_tramitacao":true,"polemica":null,"objeto":"","complementar":null,"ementa":"Requer ao Excelent\u00edssimo Governador do Estado, o sr. Jo\u00e3o Azevedo Lins Filho, e ao Secret\u00e1rio de Estado da Sa\u00fade, o sr. Jhony Wesllys Bezerra Costa, a ado\u00e7\u00e3o das medidas necess\u00e1rias para a implanta\u00e7\u00e3o de uma policl\u00ednica integrada de sa\u00fade estadual no munic\u00edpio de S\u00e3o Jo\u00e3o do Rio do Peixe/PB, para atender especialidades  diversas, com servi\u00e7os de imagens, laboratoriais e outras assist\u00eancias em sa\u00fade, oferecendo suporte para toda regi\u00e3o metropolitana.","indexacao":"","observacao":"","resultado":"","texto_original":"http://sapl.al.pb.leg.br/media/sapl/public/materialegislativa/2023/108230/108230_texto_integral.pdf","data_ultima_atualizacao":null,"ip":"","ultima_edicao":null,"tipo":4,"regime_tramitacao":1,"tipo_origem_externa":null,"local_origem_externa":null,"user":null,"anexadas":[],"autores":[287],"selos_ods":[3]}