{"id":108456,"__str__":"Oficio n\u00ba 725 de 2023","metadata":{},"numero":725,"ano":2023,"numero_protocolo":null,"data_apresentacao":"2023-09-28","tipo_apresentacao":"E","data_publicacao":null,"numero_origem_externa":"","ano_origem_externa":null,"data_origem_externa":null,"apelido":"","dias_prazo":null,"data_fim_prazo":null,"em_tramitacao":true,"polemica":null,"objeto":"","complementar":null,"ementa":"Disp\u00f5e sobre a institui\u00e7\u00e3o da Media\u00e7\u00e3o e Concilia\u00e7\u00e3o nas Escolas Estaduais no Estado da Para\u00edba, em face da impossibilidade de iniciativa parlamentar, haja vista tratar-se de mat\u00e9ria de relevante e ineg\u00e1vel interesse p\u00fablico\u201d.","indexacao":"","observacao":"","resultado":"","texto_original":"http://sapl.al.pb.leg.br/media/sapl/public/materialegislativa/2023/108456/108456_texto_integral.pdf","data_ultima_atualizacao":null,"ip":"","ultima_edicao":null,"tipo":17,"regime_tramitacao":1,"tipo_origem_externa":null,"local_origem_externa":null,"user":null,"anexadas":[107961],"autores":[],"selos_ods":[]}