{"id":109931,"__str__":"Requerimento n\u00ba 7903 de 2023","metadata":{},"numero":7903,"ano":2023,"numero_protocolo":null,"data_apresentacao":"2023-10-17","tipo_apresentacao":"E","data_publicacao":null,"numero_origem_externa":"","ano_origem_externa":null,"data_origem_externa":null,"apelido":"","dias_prazo":null,"data_fim_prazo":null,"em_tramitacao":true,"polemica":null,"objeto":"","complementar":null,"ementa":"REQUEIRO, a Vossa Excel\u00eancia, na forma regimental, que seja \r\nencaminhado ao Governador da Para\u00edba, Jo\u00e3o Azevedo Lins, que priorize a \r\nrevitaliza\u00e7\u00e3o do A\u00e7ude Grande, na cidade de Cajazeiras. Solicita\u00e7\u00e3o feita pela \r\nentidade da sociedade civil organizada (A\u00e7ude Grande Vive), tornando-o um \r\ngrande espa\u00e7o de esporte, cultura e lazer, fortalecendo o seu patrim\u00f4nio\r\nhist\u00f3rico, cultural e ambiental da cidade.","indexacao":"","observacao":"","resultado":"","texto_original":"http://sapl.al.pb.leg.br/media/sapl/public/materialegislativa/2023/109931/109931_texto_integral.pdf","data_ultima_atualizacao":null,"ip":"","ultima_edicao":null,"tipo":4,"regime_tramitacao":1,"tipo_origem_externa":null,"local_origem_externa":null,"user":null,"anexadas":[],"autores":[187],"selos_ods":[]}