{"id":124744,"__str__":"Requerimento de Sess\u00e3o Especial n\u00ba 200 de 2024","metadata":{},"numero":200,"ano":2024,"numero_protocolo":null,"data_apresentacao":"2024-09-03","tipo_apresentacao":"E","data_publicacao":null,"numero_origem_externa":"","ano_origem_externa":null,"data_origem_externa":null,"apelido":"","dias_prazo":null,"data_fim_prazo":null,"em_tramitacao":true,"polemica":null,"objeto":"","complementar":null,"ementa":"Requeiro, que seja realizada Sess\u00e3o Especial em alus\u00e3o \u00e0 Campanha Setembro Amarelo, em 10 de setembro de 2024, data em que ser\u00e1 comemorado o Dia\r\nMundial de Preven\u00e7\u00e3o do Suic\u00eddio, com intuito de fomentar debates e delibera\u00e7\u00f5es em prol da cria\u00e7\u00e3o e desenvolvimento de pol\u00edticas p\u00fablicas de preven\u00e7\u00e3o do suic\u00eddio.","indexacao":"","observacao":"","resultado":"","texto_original":"http://sapl.al.pb.leg.br/media/sapl/public/materialegislativa/2024/124744/124744_texto_integral.pdf","data_ultima_atualizacao":null,"ip":"","ultima_edicao":null,"tipo":11,"regime_tramitacao":1,"tipo_origem_externa":null,"local_origem_externa":null,"user":null,"anexadas":[],"autores":[69],"selos_ods":[3]}