{"id":128469,"__str__":"Requerimento n\u00ba 17284 de 2024","metadata":{},"numero":17284,"ano":2024,"numero_protocolo":2476,"data_apresentacao":"2024-12-11","tipo_apresentacao":"","data_publicacao":null,"numero_origem_externa":"","ano_origem_externa":null,"data_origem_externa":null,"apelido":"","dias_prazo":null,"data_fim_prazo":null,"em_tramitacao":true,"polemica":false,"objeto":"","complementar":false,"ementa":"Requer ao Deputado Adriano Galdino, Presidente da Assembl\u00e9ia Legislativa, o encaminhamento de expediente ao  Governador do Estado da Para\u00edba, e \u00e0 Senhora Secret\u00e1ria de Estado de Desenvolvimento Humano, Yasnaia Pollyanna Werton Dutra, solicitando que seja instalado um Centro de Refer\u00eancia Especializado de Assist\u00eancia Social \u00e0s m\u00e3es com filhos que possuem necessidades especiais no Munic\u00edpio de Vieir\u00f3polis e d\u00e1 outras provid\u00eancias.","indexacao":"","observacao":"","resultado":"","texto_original":"http://sapl.al.pb.leg.br/media/sapl/public/materialegislativa/2024/128469/req._assistencial_social_.docx_2_2_1.pdf","data_ultima_atualizacao":"2024-12-17T14:20:29.135447-03:00","ip":"10.83.19.254","ultima_edicao":"2024-12-12T09:45:51.891630-03:00","tipo":4,"regime_tramitacao":2,"tipo_origem_externa":null,"local_origem_externa":null,"user":135,"anexadas":[],"autores":[292],"selos_ods":[]}