{"id":130477,"__str__":"Requerimento n\u00ba 18755 de 2025","metadata":{},"numero":18755,"ano":2025,"numero_protocolo":997,"data_apresentacao":"2025-02-20","tipo_apresentacao":"","data_publicacao":null,"numero_origem_externa":"","ano_origem_externa":null,"data_origem_externa":null,"apelido":"","dias_prazo":null,"data_fim_prazo":null,"em_tramitacao":true,"polemica":false,"objeto":"","complementar":false,"ementa":"Requeiro que seja encaminhado manifesta\u00e7\u00e3o desta Casa Legislativa ao Senhor Carlos Pereira de Carvalho e Silva, Diretor Superintendente do Departamento de Estradas de Rodagem do Estado da Para\u00edba \u2013 DER, solicitando provid\u00eancias no sentido da opera\u00e7\u00e3o tampa buraco e ro\u00e7o da margens da PB-087 no trecho que corta do munic\u00edpio Areia-PB at\u00e9 Pil\u00f5es-PB.","indexacao":"","observacao":"","resultado":"","texto_original":"http://sapl.al.pb.leg.br/media/sapl/public/materialegislativa/2025/130477/requerimento_-_tampa_buraco_e_roco_no_trecho_entre_areia_ate_piloes_pb-087_2025_1.pdf","data_ultima_atualizacao":"2025-03-11T14:32:56.810661-03:00","ip":"10.83.19.254","ultima_edicao":"2025-02-20T15:40:20.275784-03:00","tipo":4,"regime_tramitacao":2,"tipo_origem_externa":null,"local_origem_externa":null,"user":162,"anexadas":[],"autores":[290],"selos_ods":[]}