{"id":130680,"__str__":"Requerimento n\u00ba 18876 de 2025","metadata":{},"numero":18876,"ano":2025,"numero_protocolo":1171,"data_apresentacao":"2025-03-09","tipo_apresentacao":"","data_publicacao":null,"numero_origem_externa":"","ano_origem_externa":null,"data_origem_externa":null,"apelido":"","dias_prazo":null,"data_fim_prazo":null,"em_tramitacao":true,"polemica":false,"objeto":"","complementar":false,"ementa":"REQUEIRO, nos termos do artigo 112 e seguintes do Regimento Interno da Assembleia Legislativa da Para\u00edba, que seja encaminhada manifesta\u00e7\u00e3o desta Casa ao Secret\u00e1rio de Estado da Agricultura Familiar e do Desenvolvimento do Semi\u00e1rido solicitando a implanta\u00e7\u00e3o do Programa \"Incluir Para\u00edba\" no munic\u00edpio de Barra de Santana/PB.","indexacao":"","observacao":"","resultado":"","texto_original":"http://sapl.al.pb.leg.br/media/sapl/public/materialegislativa/2025/130680/requer__implantacao_do_programa_incluir_paraiba_para_o_municipio_de_barra_de_santana_10.03.2025_2_2.pdf","data_ultima_atualizacao":"2025-03-09T13:14:45.642271-03:00","ip":"187.64.103.137","ultima_edicao":"2025-03-09T13:14:17.099068-03:00","tipo":4,"regime_tramitacao":2,"tipo_origem_externa":null,"local_origem_externa":null,"user":114,"anexadas":[],"autores":[255],"selos_ods":[]}