{"id":130722,"__str__":"Requerimento n\u00ba 18916 de 2025","metadata":{},"numero":18916,"ano":2025,"numero_protocolo":1213,"data_apresentacao":"2025-03-10","tipo_apresentacao":"","data_publicacao":null,"numero_origem_externa":"","ano_origem_externa":null,"data_origem_externa":null,"apelido":"","dias_prazo":null,"data_fim_prazo":null,"em_tramitacao":true,"polemica":false,"objeto":"","complementar":false,"ementa":"REQUEIRO, a Vossa Excel\u00eancia, nos termos do art. 112 do Regimento Interno desta Casa, que seja oficiada manifesta\u00e7\u00e3o de apelo ao Senhor Carlos Pereira de Carvalho e Silva, Departamento de Estradas de Rodagem da Para\u00edba (DER-PB), no sentido de que o mesmo considere a necessidade de requalifica\u00e7\u00e3o asf\u00e1ltica e sinaliza\u00e7\u00e3o horizontal e vertical da PB 306, no munic\u00edpio de \u00c1gua Branca-PB.","indexacao":"","observacao":"","resultado":"","texto_original":"http://sapl.al.pb.leg.br/media/sapl/public/materialegislativa/2025/130722/requerimento_no______2025_der_pb_requalificacao_asfaltica_e_sinalizacao_horizontal_e_vertical_da_pb_306_municipio_de_agua_branca_pb_1.pdf","data_ultima_atualizacao":"2025-03-11T14:33:00.100248-03:00","ip":"187.19.177.171","ultima_edicao":"2025-03-10T12:11:31.259575-03:00","tipo":4,"regime_tramitacao":2,"tipo_origem_externa":null,"local_origem_externa":null,"user":118,"anexadas":[],"autores":[314],"selos_ods":[]}