{"id":131449,"__str__":"Indica\u00e7\u00e3o n\u00ba 755 de 2025","metadata":{},"numero":755,"ano":2025,"numero_protocolo":1860,"data_apresentacao":"2025-03-20","tipo_apresentacao":"","data_publicacao":null,"numero_origem_externa":"","ano_origem_externa":null,"data_origem_externa":null,"apelido":"","dias_prazo":null,"data_fim_prazo":null,"em_tramitacao":true,"polemica":false,"objeto":"","complementar":false,"ementa":"INDICO, nos termos do art. 111, inciso I, do Regimento Interno desta Casa Legislativa (Resolu\u00e7\u00e3o n.\u00ba 1.578/2012), ao Excelent\u00edssimo Senhor Jo\u00e3o Azevedo Lins Filho, Governador do Estado da Para\u00edba, a ado\u00e7\u00e3o da iniciativa de esp\u00e9cie legislativa que cria o Programa Estadual de Aten\u00e7\u00e3o \u00e0 Sa\u00fade Auditiva Integrada, objetivando priorizar o acesso de pessoas com defici\u00eancia auditiva aos servi\u00e7os de implante coclear e acompanhamento p\u00f3s-cir\u00fargico na rede p\u00fablica de sa\u00fade do Estado.","indexacao":"","observacao":"","resultado":"","texto_original":"http://sapl.al.pb.leg.br/media/sapl/public/materialegislativa/2025/131449/indicacao_no______________2025_programa_estadual_de_saude_auditiva_integrada_1.pdf","data_ultima_atualizacao":"2025-03-26T15:19:15.631184-03:00","ip":"10.83.19.254","ultima_edicao":"2025-03-20T07:30:18.251821-03:00","tipo":9,"regime_tramitacao":2,"tipo_origem_externa":null,"local_origem_externa":null,"user":118,"anexadas":[],"autores":[314],"selos_ods":[]}