{"id":131751,"__str__":"Requerimento n\u00ba 19570 de 2025","metadata":{},"numero":19570,"ano":2025,"numero_protocolo":2142,"data_apresentacao":"2025-03-25","tipo_apresentacao":"","data_publicacao":null,"numero_origem_externa":"","ano_origem_externa":null,"data_origem_externa":null,"apelido":"","dias_prazo":null,"data_fim_prazo":null,"em_tramitacao":false,"polemica":false,"objeto":"","complementar":false,"ementa":"REQUEIRO a este digno Colegiado, na forma do artigo 302 da Resolu\u00e7\u00e3o n\u00ba 1.578, de 19 de dezembro de 2012, Regimento Interno desta Casa, que seja realizada Audi\u00eancia P\u00fablica por meio da Frente Parlamentar em Defesa da Sa\u00fade Mental e da Pessoa Neurodivergente, a ser agendada por este parlamento, com o objetivo de discutir sobre a descentraliza\u00e7\u00e3o dos laudos pela FUNASA, a redu\u00e7\u00e3o na fila espera para consultas e diagn\u00f3stico, bem como sobre a cobertura dos tratamentos atrav\u00e9s dos planos de sa\u00fade.","indexacao":"","observacao":"","resultado":"","texto_original":"http://sapl.al.pb.leg.br/media/sapl/public/materialegislativa/2025/131751/requerimento_-_audiencia_pub._cer_1.pdf","data_ultima_atualizacao":"2025-04-08T17:36:59.299996-03:00","ip":"10.83.19.254","ultima_edicao":"2025-03-25T13:19:19.290133-03:00","tipo":4,"regime_tramitacao":2,"tipo_origem_externa":null,"local_origem_externa":null,"user":119,"anexadas":[],"autores":[313],"selos_ods":[]}