{"id":132098,"__str__":"Requerimento n\u00ba 19809 de 2025","metadata":{},"numero":19809,"ano":2025,"numero_protocolo":2459,"data_apresentacao":"2025-04-02","tipo_apresentacao":"","data_publicacao":null,"numero_origem_externa":"","ano_origem_externa":null,"data_origem_externa":null,"apelido":"","dias_prazo":null,"data_fim_prazo":null,"em_tramitacao":true,"polemica":false,"objeto":"","complementar":false,"ementa":"REQUEIRO que seja encaminhada manifesta\u00e7\u00e3o desta Casa Legislativa ao Excelent\u00edssimo Governador do Estado da Para\u00edba e ao Secret\u00e1rio de Educa\u00e7\u00e3o do Estado , solicitando a implanta\u00e7\u00e3o de uma Sala de Acolhimento Terap\u00eautico voltada para os pais e cuidadores de crian\u00e7as com defici\u00eancia ou com transtornos neurol\u00f3gicos, nos espa\u00e7os de atendimento educacional ou de sa\u00fade j\u00e1 existentes neste munic\u00edpio de Areia -PB.","indexacao":"","observacao":"","resultado":"","texto_original":"http://sapl.al.pb.leg.br/media/sapl/public/materialegislativa/2025/132098/3_requerimento_-sala_de_acolhimento_terapeuticos_para_pais_e_cuidadores_de_criancas_com_deficiencia_ou_transtorno_neurologico_nos_espacos_de_atendimentos_na_cidade_de_areia._1.pdf","data_ultima_atualizacao":"2025-04-08T18:14:14.065731-03:00","ip":"201.50.171.112","ultima_edicao":"2025-04-02T16:10:01.192776-03:00","tipo":4,"regime_tramitacao":2,"tipo_origem_externa":null,"local_origem_externa":null,"user":160,"anexadas":[],"autores":[290],"selos_ods":[]}