{"id":132412,"__str__":"Indica\u00e7\u00e3o n\u00ba 782 de 2025","metadata":{},"numero":782,"ano":2025,"numero_protocolo":2742,"data_apresentacao":"2025-04-12","tipo_apresentacao":"","data_publicacao":null,"numero_origem_externa":"","ano_origem_externa":null,"data_origem_externa":null,"apelido":"","dias_prazo":null,"data_fim_prazo":null,"em_tramitacao":true,"polemica":false,"objeto":"","complementar":false,"ementa":"INDICO, nos termos do artigo 111 da Resolu\u00e7\u00e3o n\u00ba 1.578/12 (Regimento Interno), ao Excelent\u00edssimo Senhor Governador Jo\u00e3o Azevedo e \u00e0 Secretaria de Estado do Turismo, no sentido de realizar o Sal\u00e3o de Artesanato em Patos/PB, como evento regional para valorizar os artes\u00e3os e artes\u00e3s do Sert\u00e3o, fomentar o turismo e fortalecer a economia criativa local.","indexacao":"","observacao":"","resultado":"","texto_original":"http://sapl.al.pb.leg.br/media/sapl/public/materialegislativa/2025/132412/indicacao_salao_de_artesanato_em_patos_1.pdf","data_ultima_atualizacao":"2025-04-22T10:15:33.339099-03:00","ip":"201.50.171.112","ultima_edicao":"2025-04-12T16:24:35.575011-03:00","tipo":9,"regime_tramitacao":2,"tipo_origem_externa":null,"local_origem_externa":null,"user":160,"anexadas":[],"autores":[329],"selos_ods":[]}