{"id":133622,"__str__":"Indica\u00e7\u00e3o n\u00ba 808 de 2025","metadata":{},"numero":808,"ano":2025,"numero_protocolo":3885,"data_apresentacao":"2025-05-07","tipo_apresentacao":"","data_publicacao":null,"numero_origem_externa":"","ano_origem_externa":null,"data_origem_externa":null,"apelido":"","dias_prazo":null,"data_fim_prazo":null,"em_tramitacao":true,"polemica":false,"objeto":"","complementar":false,"ementa":"ao Excelent\u00edssimo Senhor Governador do Estado da Para\u00edba Jo\u00e3o Azev\u00eado Lins Filho, a cria\u00e7\u00e3o de um programa estadual de apoio psicol\u00f3gico e social para fam\u00edlias em situa\u00e7\u00e3o de vulnerabilidade nos bairros perif\u00e9ricos de Jo\u00e3o Pessoa.","indexacao":"","observacao":"","resultado":"","texto_original":"http://sapl.al.pb.leg.br/media/sapl/public/materialegislativa/2025/133622/pl_indicativo_apoio_psicologico_e_social_1.pdf","data_ultima_atualizacao":"2025-05-16T10:49:53.860028-03:00","ip":"10.83.19.254","ultima_edicao":"2025-05-07T09:16:15.363274-03:00","tipo":9,"regime_tramitacao":2,"tipo_origem_externa":null,"local_origem_externa":null,"user":220,"anexadas":[],"autores":[315],"selos_ods":[]}