{"id":133645,"__str__":"Requerimento n\u00ba 20975 de 2025","metadata":{},"numero":20975,"ano":2025,"numero_protocolo":3905,"data_apresentacao":"2025-05-07","tipo_apresentacao":"","data_publicacao":null,"numero_origem_externa":"","ano_origem_externa":null,"data_origem_externa":null,"apelido":"","dias_prazo":null,"data_fim_prazo":null,"em_tramitacao":true,"polemica":false,"objeto":"","complementar":false,"ementa":"Requerendo que seja aprovada a realiza\u00e7\u00e3o de Audi\u00eancia P\u00fablica, no \u00e2mbito da Comiss\u00e3o de Administra\u00e7\u00e3o, Servi\u00e7o P\u00fablico e Seguran\u00e7a, a fim de debater sobre a possibilidade de concess\u00e3o do porte de arma para advogados e advogadas, haja vista a tramita\u00e7\u00e3o no congresso nacional dos projetos de lei (PLs) n\u00b0s 2.734, de 2021 e o PL n\u00b0 2.530, de 2024.","indexacao":"","observacao":"","resultado":"","texto_original":"http://sapl.al.pb.leg.br/media/sapl/public/materialegislativa/2025/133645/requerimento_2025-_audiencia_publica_1.pdf","data_ultima_atualizacao":"2025-05-07T12:16:38.765145-03:00","ip":"10.83.19.254","ultima_edicao":"2025-05-07T12:16:12.077738-03:00","tipo":4,"regime_tramitacao":2,"tipo_origem_externa":null,"local_origem_externa":null,"user":160,"anexadas":[],"autores":[294],"selos_ods":[]}