{"id":135451,"__str__":"Requerimento n\u00ba 22129 de 2025","metadata":{},"numero":22129,"ano":2025,"numero_protocolo":5555,"data_apresentacao":"2025-06-09","tipo_apresentacao":"","data_publicacao":null,"numero_origem_externa":"","ano_origem_externa":null,"data_origem_externa":null,"apelido":"","dias_prazo":null,"data_fim_prazo":null,"em_tramitacao":true,"polemica":false,"objeto":"","complementar":false,"ementa":"Requer, com fulcro no artigo 117, XVIII, do Regimento Interno da Casa, seja apreciado pelo plen\u00e1rio o presente requerimento de MO\u00c7\u00c3O DE APLAUSOS\r\na ser encaminhada aos senhores Daniel Maciel e Alisson Maciel, propriet\u00e1rios da\r\nFazenda S\u00e3o Jos\u00e9, no munic\u00edpio de S\u00e3o Jos\u00e9 dos Cordeiros-PB, pela iniciativa e\r\nexitosa realiza\u00e7\u00e3o do 1\u00ba Dia de Campo da Fazenda S\u00e3o Jos\u00e9.","indexacao":"","observacao":"","resultado":"","texto_original":"http://sapl.al.pb.leg.br/media/sapl/public/materialegislativa/2025/135451/req._aplausos_novo_1.pdf","data_ultima_atualizacao":"2025-06-17T09:34:45.261373-03:00","ip":"10.83.19.254","ultima_edicao":"2025-06-17T09:34:45.247492-03:00","tipo":4,"regime_tramitacao":2,"tipo_origem_externa":null,"local_origem_externa":null,"user":220,"anexadas":[],"autores":[260],"selos_ods":[]}