{"id":136826,"__str__":"Requerimento n\u00ba 23042 de 2025","metadata":{"signs":{"texto_original":{}}},"numero":23042,"ano":2025,"numero_protocolo":6709,"data_apresentacao":"2025-08-10","tipo_apresentacao":"","data_publicacao":null,"numero_origem_externa":"","ano_origem_externa":null,"data_origem_externa":null,"apelido":"","dias_prazo":null,"data_fim_prazo":null,"em_tramitacao":true,"polemica":false,"objeto":"","complementar":false,"ementa":"REQUER QUE SEJA CONSIGNADA NOS ANAIS DESTA CASA LEGISLATIVA, MO\u00c7\u00c3O DE CONGRATULA\u00c7\u00d5ES COM OS HABITANTES DO MUNIC\u00cdPIO DE S\u00c3O JOS\u00c9 DA LAGOA TAPADA, PELO 66\u00ba ANIVERS\u00c1RIO DE SUA EMANCIPA\u00c7\u00c3O POL\u00cdTICA, QUE FOI CELEBRADO NO \u00daLTIMO DIA 28 DE JULHO.","indexacao":"","observacao":"","resultado":"","texto_original":"http://sapl.al.pb.leg.br/media/sapl/public/materialegislativa/2025/136826/requerimento_-_voto_de_aplauso_-_emancipacao_politica_-_sao_jose_da_lagoa_tapada.pdf","data_ultima_atualizacao":"2025-08-13T17:56:41.156597-03:00","ip":"177.37.141.130","ultima_edicao":"2025-08-10T22:39:47.609110-03:00","tipo":4,"regime_tramitacao":2,"tipo_origem_externa":null,"local_origem_externa":null,"user":118,"anexadas":[],"autores":[305],"selos_ods":[]}