{"id":136915,"__str__":"Requerimento n\u00ba 23111 de 2025","metadata":{},"numero":23111,"ano":2025,"numero_protocolo":6795,"data_apresentacao":"2025-08-11","tipo_apresentacao":"","data_publicacao":null,"numero_origem_externa":"","ano_origem_externa":null,"data_origem_externa":null,"apelido":"","dias_prazo":null,"data_fim_prazo":null,"em_tramitacao":true,"polemica":false,"objeto":"","complementar":false,"ementa":"Formula apelo para que seja encaminhada manifesta\u00e7\u00e3o desta Casa ao Exmo. Governador do Estado da Para\u00edba e ao Secret\u00e1rio de Estado do Planejamento, Or\u00e7amento e Gest\u00e3o (SEPLAG), para que sejam realizadas a\u00e7\u00f5es de disponibiliza\u00e7\u00e3o de recursos financeiros, por meio do Programa Empreender Para\u00edba, destinados aos comerciantes do munic\u00edpio de Sousa, especialmente os que atuam no Mercado Central e em seus anexos, mediante libera\u00e7\u00e3o de linha de cr\u00e9dito estadual","indexacao":"","observacao":"","resultado":"","texto_original":"http://sapl.al.pb.leg.br/media/sapl/public/materialegislativa/2025/136915/req._-_empreender_pb_mercado_central_-_sousa_1.pdf","data_ultima_atualizacao":"2025-08-13T17:56:41.521438-03:00","ip":"189.70.158.54","ultima_edicao":"2025-08-11T16:04:59.023955-03:00","tipo":4,"regime_tramitacao":2,"tipo_origem_externa":null,"local_origem_externa":null,"user":160,"anexadas":[],"autores":[287],"selos_ods":[]}