{"id":137268,"__str__":"Requerimento n\u00ba 23320 de 2025","metadata":{},"numero":23320,"ano":2025,"numero_protocolo":7118,"data_apresentacao":"2025-08-16","tipo_apresentacao":"","data_publicacao":null,"numero_origem_externa":"","ano_origem_externa":null,"data_origem_externa":null,"apelido":"","dias_prazo":null,"data_fim_prazo":null,"em_tramitacao":true,"polemica":false,"objeto":"","complementar":false,"ementa":"Requeiro, nos termos do art. 112 c/c o art. 117 do Regimento Interno desta Casa Legislativa, depois de ouvido o plen\u00e1rio, que encaminhe apelo ao Governador da Para\u00edba, o Excelent\u00edssimo Senhor Jo\u00e3o Azev\u00eado Lins e a Secretaria Executiva do Empreendedorismo, no sentido de promover palestras e cursos de capacita\u00e7\u00e3o em gest\u00e3o de neg\u00f3cios para micro e pequenos empreendedores, objetivando a divulga\u00e7\u00e3o do programa EMPREENDER/PB, suas linhas de cr\u00e9dito e requisitos para inscri\u00e7\u00e3o e obten\u00e7\u00e3o de financiamentos no munic\u00edpio de Mana\u00edra - PB.","indexacao":"","observacao":"","resultado":"","texto_original":"http://sapl.al.pb.leg.br/media/sapl/public/materialegislativa/2025/137268/requerimento_1310_-_empreender_manaira_-_2025_-_agosto.pdf","data_ultima_atualizacao":"2025-08-19T18:34:43.662444-03:00","ip":"177.37.142.202","ultima_edicao":"2025-08-16T11:28:23.418609-03:00","tipo":4,"regime_tramitacao":2,"tipo_origem_externa":null,"local_origem_externa":null,"user":118,"anexadas":[],"autores":[306],"selos_ods":[]}