{"id":137357,"__str__":"Requerimento n\u00ba 23389 de 2025","metadata":{},"numero":23389,"ano":2025,"numero_protocolo":7196,"data_apresentacao":"2025-08-18","tipo_apresentacao":"","data_publicacao":null,"numero_origem_externa":"","ano_origem_externa":null,"data_origem_externa":null,"apelido":"","dias_prazo":null,"data_fim_prazo":null,"em_tramitacao":true,"polemica":false,"objeto":"","complementar":false,"ementa":"REQUEIRO a este Digno Colegiado, na forma do art. 117, caput, inc. XIX, do Regimento Interno da Casa (Resolu\u00e7\u00e3o 1.578/2012), apelo ao Senhor Jefferson Ferreira de Morais, Diretor de Assist\u00eancia T\u00e9cnica e extens\u00e3o Rural da EMPAER, solicitando a IMPLANTA\u00c7\u00c3O DO PROGRAMA QUINTAIS PRODUTIVOS NO MUNIC\u00cdPIO DE PUXINAN\u00c3/PB, OBJETIVANDO ALTERNATIVAS DE PRODU\u00c7\u00c3O DE ALIMENTOS E SEGURAN\u00c7A ALIMENTAR.","indexacao":"","observacao":"","resultado":"","texto_original":"http://sapl.al.pb.leg.br/media/sapl/public/materialegislativa/2025/137357/requerimento_-_quintais_produtivos_puxinana.pdf","data_ultima_atualizacao":"2025-08-19T18:34:44.886546-03:00","ip":"177.37.142.1","ultima_edicao":"2025-08-18T10:04:13.425449-03:00","tipo":4,"regime_tramitacao":2,"tipo_origem_externa":null,"local_origem_externa":null,"user":118,"anexadas":[],"autores":[312],"selos_ods":[]}