{"id":137730,"__str__":"Requerimento n\u00ba 23641 de 2025","metadata":{},"numero":23641,"ano":2025,"numero_protocolo":7548,"data_apresentacao":"2025-08-25","tipo_apresentacao":"","data_publicacao":null,"numero_origem_externa":"","ano_origem_externa":null,"data_origem_externa":null,"apelido":"","dias_prazo":null,"data_fim_prazo":null,"em_tramitacao":true,"polemica":false,"objeto":"","complementar":false,"ementa":"REQUEIRO a este Digno Colegiado, na forma do art. 117, caput, inc. XIX, do Regimento Interno da Casa (Resolu\u00e7\u00e3o 1.578/2012), apelo ao Governador do Estado, na pessoa do Exmo. Sr. Jo\u00e3o Azevedo Lins Filho, SOLICITANDO A PROMO\u00c7\u00c3O DE CURSOS PROFISSIONALIZANTES PARA JOVENS NO MUNIC\u00cdPIO DE FAGUNDES\u2013PB.","indexacao":"","observacao":"","resultado":"","texto_original":"http://sapl.al.pb.leg.br/media/sapl/public/materialegislativa/2025/137730/requerimento_-_cursos_profissonalizantes_fagundes_1.pdf","data_ultima_atualizacao":"2025-08-27T08:48:34.365462-03:00","ip":"201.50.171.239","ultima_edicao":"2025-08-25T10:49:55.333223-03:00","tipo":4,"regime_tramitacao":2,"tipo_origem_externa":null,"local_origem_externa":null,"user":160,"anexadas":[],"autores":[312],"selos_ods":[]}