{"id":137834,"__str__":"Requerimento de Sess\u00e3o Especial n\u00ba 286 de 2025","metadata":{},"numero":286,"ano":2025,"numero_protocolo":7651,"data_apresentacao":"2025-08-26","tipo_apresentacao":"","data_publicacao":null,"numero_origem_externa":"","ano_origem_externa":null,"data_origem_externa":null,"apelido":"","dias_prazo":null,"data_fim_prazo":null,"em_tramitacao":true,"polemica":false,"objeto":"","complementar":false,"ementa":"Requer, na forma dos artigos n\u00ba 90 e 91, do Regimento Interno da Assembleia Legislativa da Para\u00edba, vem respeitosamente requerer a realiza\u00e7\u00e3o de Sess\u00e3o Especial para debater a atual situa\u00e7\u00e3o da EMPAER \u2013 Empresa Paraibana de Pesquisa, Extens\u00e3o Rural e Regulariza\u00e7\u00e3o Fundi\u00e1ria, no contexto do poss\u00edvel sucateamento de suas atividades e estruturas, com preju\u00edzos diretos \u00e0 pol\u00edtica p\u00fablica de desenvolvimento rural no Estado da Para\u00edba.","indexacao":"","observacao":"","resultado":"","texto_original":"http://sapl.al.pb.leg.br/media/sapl/public/materialegislativa/2025/137834/requerimento_emapaer_1.pdf","data_ultima_atualizacao":"2025-08-27T12:34:27.875699-03:00","ip":"187.33.254.34","ultima_edicao":"2025-08-26T10:07:13.851129-03:00","tipo":11,"regime_tramitacao":2,"tipo_origem_externa":null,"local_origem_externa":null,"user":220,"anexadas":[],"autores":[260],"selos_ods":[]}