{"id":138073,"__str__":"Requerimento n\u00ba 23865 de 2025","metadata":{},"numero":23865,"ano":2025,"numero_protocolo":7847,"data_apresentacao":"2025-08-29","tipo_apresentacao":"","data_publicacao":null,"numero_origem_externa":"","ano_origem_externa":null,"data_origem_externa":null,"apelido":"","dias_prazo":null,"data_fim_prazo":null,"em_tramitacao":true,"polemica":false,"objeto":"","complementar":false,"ementa":"Requeiro que seja encaminhada manifesta\u00e7\u00e3o desta Casa Legislativa ao Excelent\u00edssimo Senhor Governador do Estado da Para\u00edba e ao Secret\u00e1rio de Estado da Educa\u00e7\u00e3o, solicitando a destina\u00e7\u00e3o de recursos, tecnologias assistivas e materiais pedag\u00f3gicos para o pleno funcionamento das Salas de Recursos Multifuncionais nas escolas estaduais do munic\u00edpio de Esperan\u00e7a-PB, assegurando a qualidade e efetividade do Atendimento Educacional Especializado \u2013 AEE.","indexacao":"","observacao":"","resultado":"","texto_original":"http://sapl.al.pb.leg.br/media/sapl/public/materialegislativa/2025/138073/27_requerimento_-solicitacao_de_recursos_tecnologias_assistivas_e_materiais_para_as_salas_de_recursos_multifuncionais_das_escolas_estaduais_do_municipio_de_esperanca-pb.pdf","data_ultima_atualizacao":"2025-09-03T19:44:44.753993-03:00","ip":"177.37.143.138","ultima_edicao":"2025-08-29T21:17:40.008832-03:00","tipo":4,"regime_tramitacao":2,"tipo_origem_externa":null,"local_origem_externa":null,"user":118,"anexadas":[],"autores":[290],"selos_ods":[]}