{"id":138093,"__str__":"Requerimento n\u00ba 23881 de 2025","metadata":{},"numero":23881,"ano":2025,"numero_protocolo":7867,"data_apresentacao":"2025-08-29","tipo_apresentacao":"","data_publicacao":null,"numero_origem_externa":"","ano_origem_externa":null,"data_origem_externa":null,"apelido":"","dias_prazo":null,"data_fim_prazo":null,"em_tramitacao":true,"polemica":false,"objeto":"","complementar":false,"ementa":"Requeiro, nos termos do art. 112 c/c o art. 117 do Regimento Interno desta Casa Legislativa, depois de ouvido o plen\u00e1rio, que encaminhe apelo ao Governador da Para\u00edba, o Excelent\u00edssimo Senhor Jo\u00e3o Azev\u00eado Lins e a Secretaria de Estado de Educa\u00e7\u00e3o, no sentido de que sejam realizados estudos t\u00e9cnicos e administrativos para a implanta\u00e7\u00e3o de uma biblioteca p\u00fablica, com o objetivo de promover o acesso \u00e0 leitura, \u00e0 educa\u00e7\u00e3o e \u00e0 cultura para toda a popula\u00e7\u00e3o local do munic\u00edpio de Pilar \u2013 PB.","indexacao":"","observacao":"","resultado":"","texto_original":"http://sapl.al.pb.leg.br/media/sapl/public/materialegislativa/2025/138093/requerimento_1349_-_biblioteca_pilar_-_2025_-_agosto.pdf","data_ultima_atualizacao":"2025-09-03T19:44:45.005137-03:00","ip":"177.37.143.138","ultima_edicao":"2025-08-29T23:24:18.307316-03:00","tipo":4,"regime_tramitacao":2,"tipo_origem_externa":null,"local_origem_externa":null,"user":118,"anexadas":[],"autores":[306],"selos_ods":[]}