{"id":138131,"__str__":"Indica\u00e7\u00e3o n\u00ba 882 de 2025","metadata":{},"numero":882,"ano":2025,"numero_protocolo":7905,"data_apresentacao":"2025-08-31","tipo_apresentacao":"","data_publicacao":null,"numero_origem_externa":"","ano_origem_externa":null,"data_origem_externa":null,"apelido":"","dias_prazo":null,"data_fim_prazo":null,"em_tramitacao":true,"polemica":false,"objeto":"","complementar":false,"ementa":"INDICO, nos termos do art. 111, inciso I, do Regimento Interno desta Casa Legislativa (Resolu\u00e7\u00e3o n.\u00ba 1.578/2012), ao Excelent\u00edssimo Senhor Jo\u00e3o Azevedo Lins Filho, Governador do Estado da Para\u00edba, a formula\u00e7\u00e3o de apelo no sentido da ado\u00e7\u00e3o da iniciativa de esp\u00e9cie legislativa que institui o Programa Para\u00edba Conectada e cria o Fundo Garantidor, objetivando interiorizar o acesso de qualidade e gratuito com a finalidade educativa e c\u00edvico-democr\u00e1tica.","indexacao":"","observacao":"","resultado":"","texto_original":"http://sapl.al.pb.leg.br/media/sapl/public/materialegislativa/2025/138131/indicacao_no_______________________2025_criacao_do_programa_e_fundo_de_fomento_paraiba_conectada.pdf","data_ultima_atualizacao":"2025-09-08T13:39:15.076767-03:00","ip":"177.37.143.16","ultima_edicao":"2025-08-31T10:08:25.018056-03:00","tipo":9,"regime_tramitacao":2,"tipo_origem_externa":null,"local_origem_externa":null,"user":118,"anexadas":[],"autores":[314],"selos_ods":[]}