{"id":138606,"__str__":"Requerimento n\u00ba 24234 de 2025","metadata":{},"numero":24234,"ano":2025,"numero_protocolo":8304,"data_apresentacao":"2025-09-08","tipo_apresentacao":"","data_publicacao":null,"numero_origem_externa":"","ano_origem_externa":null,"data_origem_externa":null,"apelido":"","dias_prazo":null,"data_fim_prazo":null,"em_tramitacao":true,"polemica":false,"objeto":"","complementar":false,"ementa":"Requeiro, nos termos do art. 112 c/c o art. 117 do Regimento Interno desta Casa Legislativa, depois de ouvido o plen\u00e1rio, que encaminhe apelo ao Governador da Para\u00edba, o Excelent\u00edssimo Senhor Jo\u00e3o Azev\u00eado Lins e a Secretaria de Estado do Desenvolvimento Humano, no sentido de que seja avaliada a viabilidade de implantar uma Cozinha Comunit\u00e1ria no munic\u00edpio de Pedro R\u00e9gis \u2013 PB, assegurando \u00e0 popula\u00e7\u00e3o em situa\u00e7\u00e3o de vulnerabilidade social o acesso regular a refei\u00e7\u00f5es de qualidade e nutricionalmente adequadas.","indexacao":"","observacao":"","resultado":"","texto_original":"http://sapl.al.pb.leg.br/media/sapl/public/materialegislativa/2025/138606/requerimento_1368_-_cozinha_pedro_-_2025_-_setembro.pdf","data_ultima_atualizacao":"2025-09-09T20:30:26.633111-03:00","ip":"177.37.143.96","ultima_edicao":"2025-09-08T12:31:47.140560-03:00","tipo":4,"regime_tramitacao":2,"tipo_origem_externa":null,"local_origem_externa":null,"user":118,"anexadas":[],"autores":[306],"selos_ods":[]}