{"id":138618,"__str__":"Requerimento n\u00ba 24245 de 2025","metadata":{},"numero":24245,"ano":2025,"numero_protocolo":8316,"data_apresentacao":"2025-09-08","tipo_apresentacao":"","data_publicacao":null,"numero_origem_externa":"","ano_origem_externa":null,"data_origem_externa":null,"apelido":"","dias_prazo":null,"data_fim_prazo":null,"em_tramitacao":true,"polemica":false,"objeto":"","complementar":false,"ementa":"REQUEIRO a este Digno Colegiado, na forma do art. 117, caput, inc. XIX, do Regimento Interno da Casa (Resolu\u00e7\u00e3o 1.578/2012), apelo ao Excelent\u00edssimo Senhor Jo\u00e3o Azevedo Lins Filho, Governador do Estado da Para\u00edba, e ao Sr. Hugo Vieira, Secret\u00e1rio de Estado do Desenvolvimento da Agropecu\u00e1ria e da Pesca, solicitando a DISTRIBUI\u00c7\u00c3O DE \u00c1RVORES FRUT\u00cdFERAS PARA AS COMUNIDADES RURAIS DO MUNIC\u00cdPIO DE QUEIMADAS/PB.","indexacao":"","observacao":"","resultado":"","texto_original":"http://sapl.al.pb.leg.br/media/sapl/public/materialegislativa/2025/138618/requerimento_-_arvores_frutiferas_queimadas_1.pdf","data_ultima_atualizacao":"2025-09-09T20:30:26.849710-03:00","ip":"187.33.254.34","ultima_edicao":"2025-09-08T12:46:48.195528-03:00","tipo":4,"regime_tramitacao":2,"tipo_origem_externa":null,"local_origem_externa":null,"user":161,"anexadas":[],"autores":[312],"selos_ods":[]}