{"id":139782,"__str__":"Requerimento n\u00ba 25015 de 2025","metadata":{},"numero":25015,"ano":2025,"numero_protocolo":9373,"data_apresentacao":"2025-09-25","tipo_apresentacao":"","data_publicacao":null,"numero_origem_externa":"","ano_origem_externa":null,"data_origem_externa":null,"apelido":"","dias_prazo":null,"data_fim_prazo":null,"em_tramitacao":true,"polemica":false,"objeto":"","complementar":false,"ementa":"ao Excelent\u00edssimo Senhor Jo\u00e3o Azev\u00eado, Governador do Estado da Para\u00edba, que seja encaminhado expediente ao Secret\u00e1rio de Estado da Cultura da Para\u00edba, Senhor Pedro Daniel de Carli Santos, no sentido de adotar as medidas necess\u00e1rias para a implanta\u00e7\u00e3o de um Projeto de Inclus\u00e3o Social atrav\u00e9s da M\u00fasica e das Artes no Munic\u00edpio de Marca\u00e7\u00e3o, proporcionando oportunidades de desenvolvimento humano, cultural e educacional para crian\u00e7as, adolescentes e jovens daquela localidade.","indexacao":"","observacao":"","resultado":"","texto_original":"http://sapl.al.pb.leg.br/media/sapl/public/materialegislativa/2025/139782/requerimento_projeto_de_inclusao_social_de_musicas_e_artes_para_marcacao.pdf","data_ultima_atualizacao":"2025-09-30T19:48:51.125773-03:00","ip":"187.33.254.34","ultima_edicao":"2025-09-25T10:08:39.175731-03:00","tipo":4,"regime_tramitacao":2,"tipo_origem_externa":null,"local_origem_externa":null,"user":114,"anexadas":[],"autores":[315],"selos_ods":[]}