{"id":139889,"__str__":"Requerimento n\u00ba 25071 de 2025","metadata":{},"numero":25071,"ano":2025,"numero_protocolo":9442,"data_apresentacao":"2025-09-27","tipo_apresentacao":"","data_publicacao":null,"numero_origem_externa":"","ano_origem_externa":null,"data_origem_externa":null,"apelido":"","dias_prazo":null,"data_fim_prazo":null,"em_tramitacao":true,"polemica":false,"objeto":"","complementar":false,"ementa":"Requeiro, nos termos do art. 112 c/c o art. 117 do Regimento Interno desta Casa Legislativa, depois de ouvido o plen\u00e1rio, que encaminhe apelo ao Governador da Para\u00edba, o Excelent\u00edssimo Senhor Jo\u00e3o Azev\u00eado Lins e a Secretaria de Estado do Desenvolvimento Humano, no sentido de que sejam fortalecidas e ampliadas as a\u00e7\u00f5es governamentais destinadas \u00e0 popula\u00e7\u00e3o em situa\u00e7\u00e3o de rua no munic\u00edpio de Curral de Cima, contemplando medidas que garantam acolhimento humanizado, acesso adequado aos servi\u00e7os de sa\u00fade, alimenta\u00e7\u00e3o e higiene, al\u00e9m de iniciativas voltadas \u00e0 qualifica\u00e7\u00e3o profissional e \u00e0 efetiva reintegra\u00e7\u00e3o social desses cidad\u00e3os.","indexacao":"","observacao":"","resultado":"","texto_original":"http://sapl.al.pb.leg.br/media/sapl/public/materialegislativa/2025/139889/requerimento_1418_-_rua_curral_-_2025_-_setembro_1.pdf","data_ultima_atualizacao":"2025-09-30T19:48:52.320661-03:00","ip":"187.64.103.137","ultima_edicao":"2025-09-27T21:06:19.534828-03:00","tipo":4,"regime_tramitacao":2,"tipo_origem_externa":null,"local_origem_externa":null,"user":114,"anexadas":[],"autores":[306],"selos_ods":[]}