{"id":141121,"__str__":"Requerimento n\u00ba 25881 de 2025","metadata":{},"numero":25881,"ano":2025,"numero_protocolo":10522,"data_apresentacao":"2025-10-21","tipo_apresentacao":"","data_publicacao":null,"numero_origem_externa":"","ano_origem_externa":null,"data_origem_externa":null,"apelido":"","dias_prazo":null,"data_fim_prazo":null,"em_tramitacao":true,"polemica":false,"objeto":"","complementar":false,"ementa":"REQUEIRO, a Vossa Excel\u00eancia, na forma regimental e ap\u00f3s ouvido o Plen\u00e1rio, que seja encaminhado of\u00edcio \u00e0 Prefeitura Municipal de Jo\u00e3o Pessoa e  \u00e0 Superintend\u00eancia Executiva de Mobilidade Urbana (SEMOB), solicitando a implanta\u00e7\u00e3o de uma faixa de pedestres na Rodovia Ministro Abelardo Jurema, n\u00ba 13, nas proximidades da Peixada do Beleza e em frente \u00e0 ACADEPOL, bairro Costa do Sol, neste munic\u00edpio.","indexacao":"","observacao":"","resultado":"","texto_original":"http://sapl.al.pb.leg.br/media/sapl/public/materialegislativa/2025/141121/requerimento_implantacao_de_uma_faixa_de_pedestres_na_rodovia_ministro_abelardo_jurema_1.pdf","data_ultima_atualizacao":"2025-11-04T19:54:03.053354-03:00","ip":"187.33.254.34","ultima_edicao":"2025-10-21T10:53:53.514641-03:00","tipo":4,"regime_tramitacao":2,"tipo_origem_externa":null,"local_origem_externa":null,"user":220,"anexadas":[],"autores":[187],"selos_ods":[]}