{"id":142696,"__str__":"Requerimento n\u00ba 26808 de 2025","metadata":{},"numero":26808,"ano":2025,"numero_protocolo":11832,"data_apresentacao":"2025-11-27","tipo_apresentacao":"","data_publicacao":null,"numero_origem_externa":"","ano_origem_externa":null,"data_origem_externa":null,"apelido":"","dias_prazo":null,"data_fim_prazo":null,"em_tramitacao":true,"polemica":false,"objeto":"","complementar":false,"ementa":"Solicito: ao Governador da Para\u00edba, o Excelent\u00edssimo Senhor Jo\u00e3o Azev\u00eado Lins, e \u00e0 Secretaria de Estado da Sa\u00fade, solicita\u00e7\u00e3o no sentido de conceder uma Ambul\u00e2ncia do SAMU ao munic\u00edpio de Barra de Santa Rosa  \u2013 PB.","indexacao":"","observacao":"","resultado":"","texto_original":"http://sapl.al.pb.leg.br/media/sapl/public/materialegislativa/2025/142696/requerimento_ambulancia_do_samu_em_barra_de_santa_rosa_1.pdf","data_ultima_atualizacao":"2025-12-18T21:17:02.647180-03:00","ip":"187.33.254.34","ultima_edicao":"2025-11-27T09:46:11.424653-03:00","tipo":4,"regime_tramitacao":2,"tipo_origem_externa":null,"local_origem_externa":null,"user":220,"anexadas":[],"autores":[315],"selos_ods":[]}