{"id":146763,"__str__":"Requerimento n\u00ba 28318 de 2026","metadata":{},"numero":28318,"ano":2026,"numero_protocolo":1668,"data_apresentacao":"2026-03-23","tipo_apresentacao":"","data_publicacao":null,"numero_origem_externa":"","ano_origem_externa":null,"data_origem_externa":null,"apelido":"","dias_prazo":null,"data_fim_prazo":null,"em_tramitacao":true,"polemica":false,"objeto":"","complementar":false,"ementa":"Requeiro, nos termos do art. 112 c/c o art. 117 do Regimento Interno desta Casa Legislativa, depois de ouvido o plen\u00e1rio, que encaminhe apelo ao Governador da Para\u00edba, o Excelent\u00edssimo Senhor Jo\u00e3o Azev\u00eado Lins, no sentido de viabilizar a amplia\u00e7\u00e3o dos repasses das verbas destinadas ao Programa Farm\u00e1cia Popular no munic\u00edpio de Pedro R\u00e9gis - PB, a fim de garantir maior cobertura e acesso da popula\u00e7\u00e3o aos medicamentos essenciais.","indexacao":"","observacao":"","resultado":"","texto_original":"http://sapl.al.pb.leg.br/media/sapl/public/materialegislativa/2026/146763/requerimento_1685_-_farmacia_pedro_regis_-_2026_-_marco_1.pdf","data_ultima_atualizacao":"2026-03-24T16:45:09.294160-03:00","ip":"187.33.254.34","ultima_edicao":"2026-03-23T14:12:31.149872-03:00","tipo":4,"regime_tramitacao":2,"tipo_origem_externa":null,"local_origem_externa":null,"user":160,"anexadas":[],"autores":[306],"selos_ods":[]}