{"id":148965,"__str__":"Indica\u00e7\u00e3o n\u00ba 1095 de 2026","metadata":{},"numero":1095,"ano":2026,"numero_protocolo":3524,"data_apresentacao":"2026-05-07","tipo_apresentacao":"","data_publicacao":null,"numero_origem_externa":"","ano_origem_externa":null,"data_origem_externa":null,"apelido":"","dias_prazo":null,"data_fim_prazo":null,"em_tramitacao":true,"polemica":false,"objeto":"","complementar":false,"ementa":"INDICO, nos termos do artigo 111, inciso I, do Regimento Interno desta Casa Legislativa, que seja encaminhada manifesta\u00e7\u00e3o ao Excelent\u00edssimo Senhor Governador do Estado da Para\u00edba, solicitando a realiza\u00e7\u00e3o de estudos e a ado\u00e7\u00e3o de provid\u00eancias administrativas e normativas no sentido de viabilizar a institui\u00e7\u00e3o da chamada \u201cCarteira Azul\u201d, com o objetivo de facilitar a comunica\u00e7\u00e3o entre agentes de seguran\u00e7a p\u00fablica e condutores com Transtorno do Espectro Autista (TEA).","indexacao":"","observacao":"","resultado":"","texto_original":"http://sapl.al.pb.leg.br/media/sapl/public/materialegislativa/2026/148965/ind._-_carteira_azul.docx.pdf","data_ultima_atualizacao":"2026-05-14T13:05:05.381429-03:00","ip":"187.33.254.34","ultima_edicao":"2026-05-07T11:03:11.941395-03:00","tipo":9,"regime_tramitacao":2,"tipo_origem_externa":null,"local_origem_externa":null,"user":114,"anexadas":[],"autores":[313],"selos_ods":[]}