{"id":25452,"__str__":"Projeto de Lei Ordin\u00e1ria n\u00ba 1150 de 2009","metadata":{},"numero":1150,"ano":2009,"numero_protocolo":null,"data_apresentacao":"2009-03-17","tipo_apresentacao":"E","data_publicacao":null,"numero_origem_externa":"","ano_origem_externa":null,"data_origem_externa":null,"apelido":"","dias_prazo":null,"data_fim_prazo":null,"em_tramitacao":true,"polemica":false,"objeto":"","complementar":false,"ementa":"DISP\u00d5E SOBRE A INCLUS\u00c3O DO S\u00c3O JO\u00c3O E S\u00c3O PEDRO DO MUNIC\u00cdPIO DE PILAR NO CALEND\u00c1RIO DE EVENTOS TUR\u00cdSTICOS DO ESTADO DA PARA\u00cdBA. ","indexacao":"","observacao":"","resultado":"","texto_original":"http://sapl.al.pb.leg.br/media/sapl/public/materialegislativa/2009/25452/25452_texto_integral.pdf","data_ultima_atualizacao":null,"ip":"","ultima_edicao":null,"tipo":1,"regime_tramitacao":2,"tipo_origem_externa":null,"local_origem_externa":null,"user":null,"anexadas":[],"autores":[50],"selos_ods":[]}