{"id":27851,"__str__":"Requerimento de Sess\u00e3o Especial n\u00ba 333 de 2009","metadata":{},"numero":333,"ano":2009,"numero_protocolo":null,"data_apresentacao":"2009-07-23","tipo_apresentacao":"E","data_publicacao":null,"numero_origem_externa":"","ano_origem_externa":null,"data_origem_externa":null,"apelido":"","dias_prazo":null,"data_fim_prazo":null,"em_tramitacao":true,"polemica":false,"objeto":"","complementar":false,"ementa":"SOLICITANDO A REALIZA\u00c7\u00c3O DE UMA SESS\u00c3O ESPECIAL CONJUNTA COM A C\u00c2MARA MUNICIPAL DE JO\u00c3O PESSOA, EM HOMENAGEM AO DIA DO MA\u00c7OM.","indexacao":"","observacao":"","resultado":"","texto_original":null,"data_ultima_atualizacao":null,"ip":"","ultima_edicao":null,"tipo":11,"regime_tramitacao":2,"tipo_origem_externa":null,"local_origem_externa":null,"user":null,"anexadas":[],"autores":[148],"selos_ods":[]}