{"id":44576,"__str__":"Projeto de Lei Ordin\u00e1ria n\u00ba 238 de 2015","metadata":{},"numero":238,"ano":2015,"numero_protocolo":null,"data_apresentacao":"2015-06-03","tipo_apresentacao":"E","data_publicacao":"2015-06-08","numero_origem_externa":"","ano_origem_externa":null,"data_origem_externa":null,"apelido":"","dias_prazo":null,"data_fim_prazo":null,"em_tramitacao":false,"polemica":false,"objeto":"","complementar":false,"ementa":"DENOMINA DE PREFEITO JOS\u00c9 FERREIRA DA SILVA, TRECHO DA RODOVIA ESTADUAL PB 186, ENTRE OS MUNIC\u00cdPIOS DE CABACEIRAS A S\u00c3O DOMINGOS DO CARIRI - PB, COM EXTENS\u00c3O DE 22.5 KM.","indexacao":"","observacao":"","resultado":"","texto_original":"http://sapl.al.pb.leg.br/media/sapl/public/materialegislativa/2015/44576/44576_texto_integral.pdf","data_ultima_atualizacao":null,"ip":"","ultima_edicao":null,"tipo":1,"regime_tramitacao":1,"tipo_origem_externa":null,"local_origem_externa":null,"user":null,"anexadas":[],"autores":[65],"selos_ods":[]}