{"id":45793,"__str__":"Indica\u00e7\u00e3o n\u00ba 99 de 2015","metadata":{},"numero":99,"ano":2015,"numero_protocolo":null,"data_apresentacao":"2015-08-12","tipo_apresentacao":"E","data_publicacao":"2015-09-14","numero_origem_externa":"","ano_origem_externa":null,"data_origem_externa":null,"apelido":"","dias_prazo":null,"data_fim_prazo":null,"em_tramitacao":true,"polemica":false,"objeto":"","complementar":false,"ementa":"INDICANDO AO GOVERNADOR DO ESTADO, PROJETO DE LEI QUE TRATA DA CRIA\u00c7\u00c3O DA \u201cPOL\u00cdTICA DE PREVEN\u00c7\u00c3O E CONTROLE DO DIABETES EM CRIAN\u00c7AS E ADOLESCENTES MATRICULADOS NAS ESCOLAS DA REDE P\u00daBLICA E PRIVADA DE ENSINO DO ESTADO DA PARA\u00cdBA E D\u00c1 OUTRAS PROVID\u00caNCIAS\u201d.","indexacao":"","observacao":"","resultado":"","texto_original":"http://sapl.al.pb.leg.br/media/sapl/public/materialegislativa/2015/45793/45793_texto_integral.pdf","data_ultima_atualizacao":null,"ip":"","ultima_edicao":null,"tipo":9,"regime_tramitacao":1,"tipo_origem_externa":null,"local_origem_externa":null,"user":null,"anexadas":[],"autores":[150],"selos_ods":[]}