{"id":58877,"__str__":"Aut\u00f3grafo n\u00ba 666 de 2018","metadata":{},"numero":666,"ano":2018,"numero_protocolo":null,"data_apresentacao":"2018-10-31","tipo_apresentacao":"E","data_publicacao":null,"numero_origem_externa":"","ano_origem_externa":null,"data_origem_externa":null,"apelido":"","dias_prazo":null,"data_fim_prazo":null,"em_tramitacao":true,"polemica":false,"objeto":"","complementar":false,"ementa":"CRIA CARGOS NO QUADRO PERMANENTE DE PESSOAL\r\nDA FUNDA\u00c7\u00c3O DESENVOLVIMENTO DA CRIAN\u00c7A E DO\r\nADOLESCENTE \"ALICE DE ALMEIDA\" - FUNDAC E\r\nD\u00c1 OUTRAS PROVID\u00caNCIAS.","indexacao":"","observacao":"","resultado":"","texto_original":"http://sapl.al.pb.leg.br/media/sapl/public/materialegislativa/2018/58877/58877_texto_integral.pdf","data_ultima_atualizacao":null,"ip":"","ultima_edicao":null,"tipo":21,"regime_tramitacao":1,"tipo_origem_externa":null,"local_origem_externa":null,"user":null,"anexadas":[53972],"autores":[],"selos_ods":[]}