{"id":62984,"__str__":"Requerimento de Sess\u00e3o Especial n\u00ba 82 de 2019","metadata":{},"numero":82,"ano":2019,"numero_protocolo":null,"data_apresentacao":"2019-05-29","tipo_apresentacao":"E","data_publicacao":null,"numero_origem_externa":"","ano_origem_externa":null,"data_origem_externa":null,"apelido":"","dias_prazo":null,"data_fim_prazo":null,"em_tramitacao":false,"polemica":false,"objeto":"","complementar":false,"ementa":"SOLICITANDO A ESTA CASA A REALIZA\u00c7\u00c3O DE SESS\u00c3O ESPECIAL NO PLEN\u00c1RIO JOS\u00c9 MARIZ, EM DATA E HORA A SEREM DEFINIDAS, ALUSIVA AOS 29 ANOS DO ESTATUTO DA CRIAN\u00c7A E DO ADOLESCENTE, CELEBRADO NO DIA 13 DE JULHO DE 2019.","indexacao":"","observacao":"","resultado":"","texto_original":"http://sapl.al.pb.leg.br/media/sapl/public/materialegislativa/2019/62984/62984_texto_integral.pdf","data_ultima_atualizacao":null,"ip":"","ultima_edicao":null,"tipo":11,"regime_tramitacao":2,"tipo_origem_externa":null,"local_origem_externa":null,"user":null,"anexadas":[],"autores":[251],"selos_ods":[16]}