{"id":81467,"__str__":"Indica\u00e7\u00e3o n\u00ba 698 de 2021","metadata":{},"numero":698,"ano":2021,"numero_protocolo":null,"data_apresentacao":"2021-04-20","tipo_apresentacao":"E","data_publicacao":null,"numero_origem_externa":"","ano_origem_externa":null,"data_origem_externa":null,"apelido":"","dias_prazo":null,"data_fim_prazo":null,"em_tramitacao":true,"polemica":null,"objeto":"","complementar":null,"ementa":"INDICANDO, nos termos do artigo 111 do Regimento Interno da Assembleia Legislativa da Para\u00edba, que seja encaminhada manifesta\u00e7\u00e3o desta Casa ao Excelent\u00edssimo Senhor Jo\u00e3o Azev\u00eado Lins Filho, Governador do Estado da Para\u00edba e ao Senhor Carlos Tib\u00e9rio Limeira Santos Fernandes, secret\u00e1rio de estado de Desenvolvimento Humano solicitando a cria\u00e7\u00e3o do Programa Vale G\u00e1s Social no estado da Para\u00edba.\r\n","indexacao":"","observacao":"","resultado":"","texto_original":"http://sapl.al.pb.leg.br/media/sapl/public/materialegislativa/2021/81467/81467_texto_integral.pdf","data_ultima_atualizacao":null,"ip":"","ultima_edicao":null,"tipo":9,"regime_tramitacao":1,"tipo_origem_externa":null,"local_origem_externa":null,"user":null,"anexadas":[],"autores":[295],"selos_ods":[]}