{"id":9835,"__str__":"Requerimento de Sess\u00e3o Especial n\u00ba 410 de 2005","metadata":{},"numero":410,"ano":2005,"numero_protocolo":null,"data_apresentacao":"2005-08-31","tipo_apresentacao":"E","data_publicacao":null,"numero_origem_externa":"","ano_origem_externa":null,"data_origem_externa":null,"apelido":"","dias_prazo":null,"data_fim_prazo":null,"em_tramitacao":true,"polemica":false,"objeto":"","complementar":false,"ementa":"\u2013 SOLICITANDO A REALIZA\u00c7\u00c3O DE UMA SESS\u00c3O ESPECIAL, PARA DEBATER ACERCA DO SISTEMA PRISIONAL NA PARA\u00cdBA. \r\n\r\n\r\n","indexacao":"","observacao":"","resultado":"","texto_original":null,"data_ultima_atualizacao":null,"ip":"","ultima_edicao":null,"tipo":11,"regime_tramitacao":2,"tipo_origem_externa":null,"local_origem_externa":null,"user":null,"anexadas":[],"autores":[66],"selos_ods":[]}