{"id":279821,"__str__":"Requerimento de Sess\u00e3o Especial n\u00ba 241 de 2017 | Sess\u00e3o Realizada | 12/06/2017","metadata":{},"timestamp":"2017-06-12T00:00:00-03:00","data_tramitacao":"2017-06-12","data_encaminhamento":"2017-06-12","urgente":false,"turno":"","texto":"Sess\u00e3o Especial realizada na Funda\u00e7\u00e3o Casa de Jos\u00e9 Am\u00e9rico no dia 08 de junho de 2017.","data_fim_prazo":null,"ip":"","ultima_edicao":null,"status":23,"materia":54115,"unidade_tramitacao_local":15,"unidade_tramitacao_destino":16,"user":null}