{"id":57783,"__str__":"Ordem do Dia/Expediente: 263 - Requerimento n\u00ba 5257 de 2023 em 27\u00aa Sess\u00e3o Ordin\u00e1ria  da 1\u00aa Sess\u00e3o Legislativa da 20\u00aa Legislatura","metadata":{},"data_ordem":"2023-08-08","observacao":"Requerendo que seja formulado apelo superintendente do Departamento de Estradas de Rodagem da Para\u00edba (DER-PB), Carlos Pereira de Carvalho e Silva, no sentido que o mesmo considere a possibilidade da realiza\u00e7\u00e3o de asfaltamento da PB que liga os munic\u00edpios de S\u00e3o Jos\u00e9 dos Cordeiros \u00e0 Amparo","numero_ordem":263,"resultado":"","tipo_votacao":1,"votacao_aberta":false,"registro_aberto":null,"sessao_plenaria":1213,"materia":105415,"tramitacao":null}