{"id":57951,"__str__":"Ordem do Dia/Expediente: 69 - Requerimento n\u00ba 5203 de 2023 em 28\u00aa Sess\u00e3o Ordin\u00e1ria  da 1\u00aa Sess\u00e3o Legislativa da 20\u00aa Legislatura","metadata":{},"data_ordem":"2023-08-09","observacao":"REQUER QUE SEJA ENCAMINHADA MANIFESTA\u00c7\u00c3O DE APELO AO EXCELENT\u00cdSSIMO SENHOR GOVERNADOR DA PARA\u00cdBA, JO\u00c3O AZEV\u00caDO LINS FILHO E AO EXCELENT\u00cdSSIMO SENHOR COMANDANTE GERAL DA POL\u00cdCIA MILITAR DA PARA\u00cdBA, CORONEL S\u00c9RGIO FONSECA DE SOUSA, SOLICITANDO A CONDECORA\u00c7\u00c3O E A PROMO\u00c7\u00c3O POR ATO DE BRAVURA DO POLICIAL MILITAR, SARGENTO FRAN\u00c7UALDO ALVES DE LIMA, LOTADO NO 6\u00ba BATALH\u00c3O DA POL\u00cdCIA MILITAR SEDIADO EM CAJAZEIRAS, PELA SUA A\u00c7\u00c3O DE CORAGEM E DE BRAVURA REALIZADA NA MADRUGADA DO DIA 25 DE JULHO DE 2023, NAQUELA CIDADE.","numero_ordem":69,"resultado":"","tipo_votacao":1,"votacao_aberta":false,"registro_aberto":null,"sessao_plenaria":1214,"materia":105335,"tramitacao":null}