{"id":62778,"__str__":"Ordem do Dia/Expediente: 433 - Requerimento n\u00ba 7222 de 2023 em 39\u00aa Sess\u00e3o Ordin\u00e1ria  da 1\u00aa Sess\u00e3o Legislativa da 20\u00aa Legislatura","metadata":{},"data_ordem":"2023-10-04","observacao":"REQUEIRO, nos termos do artigo 112 e seguintes do Regimento Interno da Assembleia Legislativa da Para\u00edba, que seja encaminhada manifesta\u00e7\u00e3o desta Casa ao Excelent\u00edssimo Senhor Jo\u00e3o Azev\u00eado Lins Filho, Governador do Estado da Para\u00edba e ao Secret\u00e1rio de Estado da Agricultura Familiar e do Desenvolvimento do Semi\u00e1rido solicitando a implanta\u00e7\u00e3o do Programa \u201cIncluir Para\u00edba\u201d no munic\u00edpio de Pil\u00f5es.","numero_ordem":433,"resultado":"","tipo_votacao":1,"votacao_aberta":false,"registro_aberto":null,"sessao_plenaria":1227,"materia":108746,"tramitacao":null}