{"id":64434,"__str__":"Ordem do Dia/Expediente: 393 - Requerimento n\u00ba 7788 de 2023 em 42\u00aa Sess\u00e3o Ordin\u00e1ria  da 1\u00aa Sess\u00e3o Legislativa da 20\u00aa Legislatura","metadata":{},"data_ordem":"2023-10-24","observacao":"REQUEIRO A VOSSA EXCEL\u00caNCIA, NA FORMA DO ART. 117, XV, C/C OS ARTS. 155 E 156, II, DA RESOLU\u00c7\u00c3O N\u00ba 1.578/2012 (REGIMENTO INTERNO), DEPOIS DE OUVIDO O PLEN\u00c1RIO, QUE SEJA CONCEDIDA A URG\u00caNCIA URGENT\u00cdSSIMA, PARA FINS DE APRECIAR AS PROPOSITURAS ABAIXO DISCRIMINADAS: \u2022 PROJETO DE LEI N\u00ba 1172/2023 \u2013 DA DEP. DANIELLE \u2013 DISP\u00d5E SOBRE A INCLUS\u00c3O DO TEMA \u201cPREVEN\u00c7\u00c3O DA VIOL\u00caNCIA CONTRA A MULHER\u201d COMO CONTE\u00daDO TRANSVERSAL NO CURR\u00cdCULO ESCOLAR DAS ESCOLAS P\u00daBLICAS NO ESTADO DA PARA\u00cdBA E D\u00c1 OUTRAS PROVID\u00caNCIAS. \u2022 PROJETO DE LEI N\u00ba 1163/2023 \u2013 DA DEP. DANIELLE \u2013 INSTITUI A SEMANA ESCOLAR DE COMBATE \u00c0 VIOL\u00caNCIA CONTRA A MULHER, NO \u00c2MBITO DO ESTADO DA PARA\u00cdBA. ","numero_ordem":393,"resultado":"","tipo_votacao":1,"votacao_aberta":false,"registro_aberto":null,"sessao_plenaria":1232,"materia":109781,"tramitacao":null}