{"id":67719,"__str__":"Ordem do Dia/Expediente: 92 - Requerimento n\u00ba 9862 de 2023 em 6\u00aa Sess\u00e3o Itinerante da 1\u00aa Sess\u00e3o Legislativa da 20\u00aa Legislatura","metadata":{},"data_ordem":"2023-12-19","observacao":"Requer-se, na forma do art. 117, inciso XVIII, do Regimento Interno da Assembleia Legislativa da Para\u00edba (Resolu\u00e7\u00e3o n.\u00ba 1578/2012), e ap\u00f3s ouvido o plen\u00e1rio, que seja registrado nos anais desta Casa \u201cVoto de Aplausos\u201d ao Conselho Regional de Administra\u00e7\u00e3o nas pessoas do Presidente Regional, Adm. Marcos Kalebbe e do Vice Presidente, Adm. Andr\u00e9 Lu\u00eds Coelho Fernandes, extensivo a todos os membros do Conselho de Administra\u00e7\u00e3o, pela realiza\u00e7\u00e3o do VII FOGESP \u2013 F\u00f3rum de Gest\u00e3o P\u00fablica da Para\u00edba, realizado nos dias 23 e 24 de Novembro de 2023, na cidade de Campina Grande.","numero_ordem":92,"resultado":"","tipo_votacao":1,"votacao_aberta":false,"registro_aberto":null,"sessao_plenaria":1245,"materia":114527,"tramitacao":null}